{"id":756,"date":"2026-04-23T19:24:24","date_gmt":"2026-04-23T17:24:24","guid":{"rendered":"https:\/\/ekero.vansterpartiet.se\/?p=756"},"modified":"2026-04-26T11:32:32","modified_gmt":"2026-04-26T09:32:32","slug":"vi-funderar-pa","status":"publish","type":"post","link":"https:\/\/ekero.vansterpartiet.se\/?p=756","title":{"rendered":"Vi funderar p\u00e5&#8230;&#8230;."},"content":{"rendered":"<h2>&#8230;.. det h\u00e4r med marknadsskolan<\/h2>\n<div>Skolans utdelning ska g\u00e5 till framtiden \u2013 inte till aktie\u00e4gare<\/div>\n<div dir=\"auto\"><\/div>\n<div dir=\"auto\">Sverige har skapat ett skolsystem som bygger p\u00e5 en djup m\u00e5lkonflikt. \u00c5 ena sidan s\u00e4ger skollagen att utbildningen ska vara likv\u00e4rdig, att h\u00e4nsyn ska tas till barns och elevers olika behov och att skolan ska str\u00e4va efter att uppv\u00e4ga skillnader i elevernas f\u00f6ruts\u00e4ttningar. \u00c5 andra sidan till\u00e5ter vi vinstdrivande aktiebolag att driva skattefinansierade skolor.<\/div>\n<div dir=\"auto\"><\/div>\n<div dir=\"auto\">Det \u00e4r h\u00e4r konflikten b\u00f6rjar.<\/div>\n<div dir=\"auto\"><\/div>\n<div dir=\"auto\">Ett aktiebolag \u00e4r som huvudregel inte skapat f\u00f6r att b\u00e4ra ett demokratiskt eller kompensatoriskt samh\u00e4llsuppdrag. Enligt aktiebolagslagen \u00e4r utg\u00e5ngspunkten att bolagets verksamhet ska ge vinst till aktie\u00e4garna, om inget annat anges i bolagsordningen. Det betyder inte att varje privat utf\u00f6rare g\u00f6r ett d\u00e5ligt arbete. Men det betyder att bolagsformen b\u00e4r p\u00e5 en annan grundlogik \u00e4n skolan.<\/div>\n<div dir=\"auto\"><\/div>\n<div dir=\"auto\">Skolans uppdrag \u00e4r att s\u00e4tta eleven f\u00f6rst. Aktiebolagets grunduppdrag \u00e4r att s\u00e4tta \u00e4garnas ekonomiska intresse f\u00f6rst. D\u00e4r uppst\u00e5r en m\u00e5lkonflikt som politiken alltf\u00f6r l\u00e4nge har f\u00f6rs\u00f6kt d\u00f6lja bakom ord som valfrihet, m\u00e5ngfald och effektivitet.<\/div>\n<div dir=\"auto\"><\/div>\n<div dir=\"auto\">Detta g\u00e4ller inte bara skolan. Hela k\u00e4rnv\u00e4lf\u00e4rden bygger p\u00e5 principer som \u00e4r sv\u00e5ra att f\u00f6rena med vinstjakt. I sjukv\u00e5rden ska den med st\u00f6rst behov ges f\u00f6retr\u00e4de. I omsorgen ska verksamheten vila p\u00e5 demokrati, solidaritet och m\u00e4nniskors r\u00e4tt till trygghet och v\u00e4rdighet. I skolan ska resurserna st\u00f6dja varje elevs utveckling och kompensera f\u00f6r olika livsvillkor.<\/div>\n<div dir=\"auto\"><\/div>\n<div dir=\"auto\">V\u00e4lf\u00e4rdens lagar bygger p\u00e5 att m\u00e4nniskan \u00e4r m\u00e5let. Aktiebolagets logik bygger p\u00e5 att verksamheten ytterst ska tj\u00e4na \u00e4garna. N\u00e4r dessa tv\u00e5 logiker m\u00f6ts i skola, v\u00e5rd och omsorg uppst\u00e5r en konflikt som inte kan trollas bort.<\/div>\n<div dir=\"auto\"><\/div>\n<div dir=\"auto\">I skolan blir denna konflikt s\u00e4rskilt tydlig. F\u00f6r de elever som beh\u00f6ver mest st\u00f6d \u00e4r ofta ocks\u00e5 de elever som kostar mest. Eleven med behov av specialpedagogik, elevassistent, mindre undervisningsgrupp, extra spr\u00e5kligt st\u00f6d eller t\u00e4t kontakt med elevh\u00e4lsan \u00e4r inte en l\u00f6nsam kund. Men enligt skollagen \u00e4r det just dessa elever som skolan s\u00e4rskilt ska b\u00e4ra.<\/div>\n<div dir=\"auto\"><\/div>\n<div dir=\"auto\">Marknadsskolan g\u00f6r n\u00e5got med spr\u00e5ket och blicken. Eleven blir en int\u00e4kt. L\u00e4raren blir en kostnad. Klassen blir en kalkyl. Skolans uppdrag pressas in i en resultatr\u00e4kning.<\/div>\n<div dir=\"auto\"><\/div>\n<div dir=\"auto\">Det betyder inte att varje skolaktiebolag medvetet v\u00e4ljer bort elever med st\u00f6rre behov. Problemet \u00e4r mer grundl\u00e4ggande \u00e4n s\u00e5. Systemet skapar drivkrafter d\u00e4r det l\u00f6nar sig att h\u00e5lla nere kostnader, fylla klasser, bygga varum\u00e4rke, locka r\u00e4tt elevgrupper och v\u00e4xa. Det \u00e4r inte konspiration. Det \u00e4r marknadslogik.<\/div>\n<div dir=\"auto\"><\/div>\n<div dir=\"auto\">Och det \u00e4r just d\u00e4rf\u00f6r den inte h\u00f6r hemma i skolan.<\/div>\n<div dir=\"auto\">\n<p><a href=\"https:\/\/ekero.vansterpartiet.se\/files\/2026\/04\/file_00000000a45c7243b05ecd04cee474e5.png\"><img loading=\"lazy\" decoding=\"async\" class=\"alignnone wp-image-768\" src=\"https:\/\/ekero.vansterpartiet.se\/files\/2026\/04\/file_00000000a45c7243b05ecd04cee474e5.png\" alt=\"\" width=\"455\" height=\"341\" srcset=\"https:\/\/ekero.vansterpartiet.se\/files\/2026\/04\/file_00000000a45c7243b05ecd04cee474e5.png 1448w, https:\/\/ekero.vansterpartiet.se\/files\/2026\/04\/file_00000000a45c7243b05ecd04cee474e5-300x225.png 300w, https:\/\/ekero.vansterpartiet.se\/files\/2026\/04\/file_00000000a45c7243b05ecd04cee474e5-1024x768.png 1024w, https:\/\/ekero.vansterpartiet.se\/files\/2026\/04\/file_00000000a45c7243b05ecd04cee474e5-768x576.png 768w\" sizes=\"(max-width: 455px) 100vw, 455px\" \/><\/a><\/p>\n<\/div>\n<div dir=\"auto\"><\/div>\n<div dir=\"auto\">F\u00f6respr\u00e5kare f\u00f6r dagens system s\u00e4ger ofta att friskolor \u00e4r ett komplement till kommunala skolor. Men i praktiken fungerar skolor som konkurrenter om elevernas skolpeng. N\u00e4r elever l\u00e4mnar en kommunal skola minskar int\u00e4kterna, men kostnaderna minskar inte i samma takt. Lokaler, personal, elevh\u00e4lsa och s\u00e4rskilt st\u00f6d kan inte skalas ned fr\u00e5n en dag till en annan.<\/div>\n<div dir=\"auto\"><\/div>\n<div dir=\"auto\">Kommunen har dessutom alltid det yttersta ansvaret. Den m\u00e5ste garantera skolplats, ta emot elever n\u00e4r andra skolor l\u00e4gger ned och uppr\u00e4tth\u00e5lla beredskap \u00e4ven n\u00e4r elevunderlaget sv\u00e4nger. Ett aktiebolag kan l\u00e4mna marknaden om l\u00f6nsamheten f\u00f6rs\u00e4mras. Kommunen kan inte l\u00e4mna sina barn.<\/div>\n<div dir=\"auto\"><\/div>\n<div dir=\"auto\">D\u00e4rf\u00f6r \u00e4r argumentet om \u00e4garnas stora risk svagt. Skolan \u00e4r inte en vanlig marknad. Int\u00e4kterna kommer fr\u00e5n skattebetalarna. Efterfr\u00e5gan \u00e4r garanterad, eftersom alla barn m\u00e5ste g\u00e5 i skolan. Skolpengen betalas ut genom offentliga beslut. Den verkliga risken ligger hos kommunerna, eleverna och skattebetalarna.<\/div>\n<div dir=\"auto\"><\/div>\n<div dir=\"auto\">Samtidigt finns ett tydligt folkligt motst\u00e5nd mot dagens ordning. Enligt SOM-institutet vill 74 procent f\u00f6rbjuda f\u00f6retag med vinstsyfte att driva skolor. Sveriges L\u00e4rare har visat att n\u00e4rmare nio av tio l\u00e4rare \u00e4r emot att skolor ska kunna ta ut vinst utan att \u00e5terinvestera den i verksamheten. N\u00e4r b\u00e5de allm\u00e4nheten och professionen ser problemet borde politiken lyssna.<\/div>\n<div dir=\"auto\"><\/div>\n<div dir=\"auto\">Marknadsskolan p\u00e5verkar ocks\u00e5 segregationen. IFAU har visat att skolvalet st\u00e5r f\u00f6r ungef\u00e4r 27 procent av \u00f6kningen av skolsegregationen mellan 1988 och 2017. Boendesegregationen \u00e4r fortfarande den st\u00f6rsta f\u00f6rklaringen, men skolvalet har f\u00f6rst\u00e4rkt utvecklingen. Det \u00e4r en viktig nyans. Skolvalet har inte ensamt skapat segregationen. Men det har gjort den v\u00e4rre.<\/div>\n<div dir=\"auto\"><\/div>\n<div dir=\"auto\">N\u00e4r skolor konkurrerar om elever uppst\u00e5r ett tryck att framst\u00e5 som attraktiva f\u00f6r vissa grupper. Det kan ske genom marknadsf\u00f6ring, profilering, k\u00f6tid, spr\u00e5kval eller pedagogiska modeller som i praktiken passar resursstarka elever b\u00e4ttre. Resultatet blir ett skolsystem d\u00e4r elever sorteras mer \u00e4n de m\u00f6ts.<\/div>\n<div dir=\"auto\"><\/div>\n<div dir=\"auto\">Det \u00e4r inte v\u00e4rdigt ett land som s\u00e4ger sig tro p\u00e5 likv\u00e4rdig utbildning.<\/div>\n<div dir=\"auto\"><\/div>\n<div dir=\"auto\">En annan myt \u00e4r att vinsterna \u00e4r sm\u00e5 och \u00e4nd\u00e5 \u00e5terinvesteras. Men vinster kan flyttas p\u00e5 m\u00e5nga s\u00e4tt: genom aktieutdelningar, koncernbidrag, interna tj\u00e4nster, hyror, r\u00e4ntor eller uppk\u00f6p av nya skolor. \u00c4ven n\u00e4r pengarna formellt stannar i koncernen betyder det inte att de g\u00e5r tillbaka till den skola, den klass eller de elever d\u00e4r \u00f6verskottet uppstod. Expansion \u00e4r inte samma sak som \u00e5terinvestering i undervisning.<\/div>\n<div dir=\"auto\"><\/div>\n<div dir=\"auto\">H\u00e4r ligger k\u00e4rnfr\u00e5gan: varje krona som tas fr\u00e5n undervisningen m\u00e5ste f\u00f6rsvaras inf\u00f6r de barn som beh\u00f6vde mer st\u00f6d, den l\u00e4rare som beh\u00f6vde en kollega till, den elevh\u00e4lsa som gick p\u00e5 kn\u00e4na och det skolbibliotek som aldrig blev av.<\/div>\n<div dir=\"auto\"><\/div>\n<div dir=\"auto\">Men fr\u00e5gan om vinst i skolan handlar ocks\u00e5 om n\u00e5got st\u00f6rre \u00e4n enskilda kronor. Den verkliga vinsten i skolan uppst\u00e5r inte i ett bokslut. Den uppst\u00e5r n\u00e4r barn v\u00e4xer upp till kunniga, fria och ansvarstagande medborgare. Den uppst\u00e5r n\u00e4r fler klarar gymnasiet, n\u00e4r fler kan f\u00f6rs\u00f6rja sig, n\u00e4r f\u00e4rre hamnar i utanf\u00f6rskap, n\u00e4r demokratin st\u00e4rks och n\u00e4r samh\u00e4llet h\u00e5ller ihop.<\/div>\n<div dir=\"auto\"><\/div>\n<div dir=\"auto\">Det \u00e4r den utdelningen skolan ska ge.<\/div>\n<div dir=\"auto\"><\/div>\n<div dir=\"auto\">Skolan \u00e4r d\u00e4rf\u00f6r inte en kostnadspost som ska pressas f\u00f6r att skapa snabb avkastning \u00e5t \u00e4gare. Den \u00e4r en l\u00e5ngsiktig samh\u00e4llsinvestering. Vi investerar i barnen nu, och avkastningen kommer senare \u2014 i form av arbete, delaktighet, bildning, trygghet och tillit.<\/div>\n<div dir=\"auto\"><\/div>\n<div dir=\"auto\">Den vinst ett samh\u00e4lle kan g\u00f6ra p\u00e5 barns skolg\u00e5ng ska inte synas som utdelning p\u00e5 ett aktiekonto. Den ska synas tjugo \u00e5r senare: i fler m\u00e4nniskor som kan l\u00e4sa, t\u00e4nka kritiskt, arbeta, skapa, r\u00f6sta, ta ansvar och bidra. Skolan ger avkastning \u2014 men till samh\u00e4llet, inte till aktie\u00e4gare.<\/div>\n<div dir=\"auto\"><\/div>\n<div dir=\"auto\">Att plocka ut vinst ur skolan i dag \u00e4r att f\u00f6rv\u00e4xla framtidsinvestering med aff\u00e4rsmodell.<\/div>\n<div dir=\"auto\"><\/div>\n<div dir=\"auto\">Valfrihet \u00e4r viktigt. Men valfrihet utan likv\u00e4rdighet blir en illusion. Den som har tid, spr\u00e5k, kontakter och kunskap kan navigera systemet. Den som saknar detta riskerar att hamna d\u00e4r plats finns kvar. Ett skolsystem ska inte bel\u00f6na de mest informerade f\u00f6r\u00e4ldrarna. Det ska b\u00e4ra alla barn.<\/div>\n<div dir=\"auto\"><\/div>\n<div dir=\"auto\">D\u00e4rf\u00f6r m\u00e5ste vi skilja p\u00e5 pedagogisk m\u00e5ngfald och vinstjakt. Man kan f\u00f6rsvara id\u00e9burna skolor, kooperativ och lokala alternativ utan att f\u00f6rsvara aktieutdelningar. Man kan v\u00e4rna r\u00e4tten att v\u00e4lja skola och samtidigt s\u00e4ga nej till att skattemedel avsedda f\u00f6r undervisning blir avkastning.<\/div>\n<div dir=\"auto\"><\/div>\n<div dir=\"auto\">Det Sverige beh\u00f6ver \u00e4r inte \u00e4nnu en kosmetisk justering av skolmarknaden. Vi beh\u00f6ver ett systemskifte. Vinstdrivande aktiebolag b\u00f6r fasas ut ur skolan. Skolpengen b\u00f6r ers\u00e4ttas eller g\u00f6ras om s\u00e5 att resurser f\u00f6rdelas efter behov, inte efter en mekanisk elevpeng som g\u00f6r varje barn till en ekonomisk enhet.<\/div>\n<div dir=\"auto\"><\/div>\n<div dir=\"auto\">Kommunerna m\u00e5ste f\u00e5 rimliga planeringsf\u00f6ruts\u00e4ttningar. L\u00e4rarna m\u00e5ste f\u00e5 st\u00f6rre professionellt utrymme. Elevernas behov m\u00e5ste g\u00e5 f\u00f6re \u00e4garnas avkastning.<\/div>\n<div dir=\"auto\"><\/div>\n<div dir=\"auto\">Skolan \u00e4r en av demokratins viktigaste institutioner. Den formar framtida medborgare, bygger tillit och ger barn redskap att f\u00f6rst\u00e5 v\u00e4rlden. Ett s\u00e5dant uppdrag kan inte underst\u00e4llas samma logik som en marknad.<\/div>\n<div dir=\"auto\"><\/div>\n<div dir=\"auto\">Barnens skolpeng \u00e4r inte riskkapital. Den \u00e4r ett samh\u00e4llsl\u00f6fte.<\/div>\n<div dir=\"auto\"><\/div>\n<div dir=\"auto\">Och det l\u00f6ftet ska h\u00e5llas.<\/div>\n<div data-smartmail=\"gmail_signature\">in propria persona<\/div>\n<h2>&#8230;.. det h\u00e4r med &#8221;tj\u00e4nstemannaansvar&#8221;<\/h2>\n<div>Det finns ett m\u00f6nster som blir allt tydligare, b\u00e5de i Sverige och i USA. Det b\u00f6rjar s\u00e4llan med att n\u00e5gon \u00f6ppet s\u00e4ger att demokratin ska avskaffas. Det b\u00f6rjar i st\u00e4llet med att man misst\u00e4nkligg\u00f6r de institutioner som ska begr\u00e4nsa makten: myndigheter, domstolar, public service, granskande journalistik och sj\u00e4lva id\u00e9n om att makten ska ut\u00f6vas under lagarna. I Sverige bygger regeringsformen p\u00e5 just detta: den offentliga makten ut\u00f6vas under lagarna, myndigheter ska vara sakliga och opartiska, och regeringen f\u00e5r inte styra hur en myndighet avg\u00f6r ett enskilt \u00e4rende. Det \u00e4r allts\u00e5 ingen teknikalitet. Det \u00e4r ett skydd mot godtycke.<\/div>\n<div dir=\"auto\"><\/div>\n<div dir=\"auto\">N\u00e4r talet om \u201ctj\u00e4nstemannaansvar\u201d anv\u00e4nds som politiskt slagord blir det d\u00e4rf\u00f6r ofta missvisande. Ansvar i en r\u00e4ttsstat betyder inte att tj\u00e4nstem\u00e4n ska lyda den politiska dagsviljan. Det betyder att de ska f\u00f6lja lag. Men n\u00e4r sj\u00e4lvst\u00e4ndiga tj\u00e4nstem\u00e4n i st\u00e4llet framst\u00e4lls som ett problem, och n\u00e4r politiker vill t\u00e4nja gr\u00e4nsen f\u00f6r ministerstyre eller behandla myndigheter som lydorgan, d\u00e5 f\u00f6rskjuts hela maktbalansen. Det \u00e4r s\u00e5 r\u00e4ttsstaten f\u00f6rsvagas: inte alltid genom ett stort formellt brott, utan genom att principerna steg f\u00f6r steg g\u00f6rs mindre v\u00e4rda.<\/div>\n<div dir=\"auto\"><\/div>\n<div dir=\"auto\">I USA ser man denna konflikt i mer naken form. Trump har uttryckligen drivit en linje om starkare presidentkontroll \u00f6ver hela den verkst\u00e4llande makten, inklusive organ som tidigare haft st\u00f6rre sj\u00e4lvst\u00e4ndighet. Reuters har ocks\u00e5 rapporterat om hur hans administration pressat eller avl\u00e4gsnat personer som utrett Trump eller hans allierade, samtidigt som delar av den federala antikorruptionsbek\u00e4mpningen f\u00f6rsvagats. N\u00e4r makten b\u00f6rjar behandla kontrollorgan som fiender i st\u00e4llet f\u00f6r skydd, d\u00e5 \u00f6ppnas d\u00f6rren f\u00f6r selektiv r\u00e4ttstill\u00e4mpning och \u00f6ppen intressekonflikt.<\/div>\n<div dir=\"auto\"><\/div>\n<div dir=\"auto\">Korruption \u00e4r n\u00e4mligen inte bara kuvert med pengar under bordet. Korruption uppst\u00e5r ocks\u00e5 n\u00e4r lojalitet blir viktigare \u00e4n kompetens, n\u00e4r regler b\u00f6js f\u00f6r de egna, n\u00e4r insynen minskar och n\u00e4r makthavare behandlar staten som sitt verktyg. Reuters rapporterade den 22 april 2026 att Trumps uppl\u00e4gg f\u00f6r en ny balsal i Vita huset till\u00e5ter stora anonyma donationer och begr\u00e4nsar normala j\u00e4vs- och intressekonfliktskontroller. Det \u00e4r ett tydligt exempel p\u00e5 hur den politiska kulturen kan glida fr\u00e5n ansvar till normaliserad sammanblandning av makt, pengar och personliga n\u00e4tverk.<\/div>\n<div dir=\"auto\"><\/div>\n<div dir=\"auto\">Sociala medier f\u00f6rst\u00e4rker allt detta. De g\u00f6r inte bara att l\u00f6gner sprids snabbare, utan ocks\u00e5 att verkligheten delas upp i parallella ber\u00e4ttelser d\u00e4r k\u00e4nsla sl\u00e5r fakta och lojalitet sl\u00e5r pr\u00f6vning. Reuters Institute visar att allt fler tar del av nyheter via video, plattformar och influencers, samtidigt som detta \u00f6kar oron f\u00f6r desinformation och g\u00f6r informationsmilj\u00f6n mer fragmenterad. N\u00e4r politiska budskap flyttas fr\u00e5n redaktionellt granskade forum till personliga konton, poddar, TikToks och anonyma n\u00e4tverk blir det l\u00e4ttare att s\u00e4lja in vinklade \u201csanningar\u201d som om de vore spontana och folkliga.<\/div>\n<div dir=\"auto\"><\/div>\n<div dir=\"auto\">I USA har politiska kampanjer redan \u00f6ppnat d\u00f6rren p\u00e5 vid gavel f\u00f6r influencers och content creators som en del av det politiska ekosystemet, och Reuters har beskrivit hur pro-Trump-influencers driver starkt polariserande ber\u00e4ttelser som ofta g\u00e5r l\u00e4ngre \u00e4n vad tillg\u00e4ngliga fakta st\u00f6der. I Sverige ser vi inte exakt samma system, men vi ser hur sociala medier anv\u00e4nds mer strategiskt f\u00f6r att kringg\u00e5 traditionell granskning. TV4:s och SVT:s rapportering 2024 om SD:s anonyma konton visade hur partin\u00e4ra n\u00e4tverk kunde arbeta med dold p\u00e5verkan, och SVT rapporterade 2025 att m\u00e5nga unga v\u00e4ljare \u00e4r \u00f6ppna f\u00f6r politiska budskap fr\u00e5n influencers. Det betyder inte att allt \u00e4r k\u00f6pt propaganda. Men det betyder att gr\u00e4nsen mellan information, agitation, reklam och manipulation blir allt suddigare.<\/div>\n<div dir=\"auto\"><\/div>\n<div dir=\"auto\">Det \u00e4r d\u00e4rf\u00f6r detta m\u00e5ste tas p\u00e5 allvar. Demokratier raseras s\u00e4llan \u00f6ver en natt. De n\u00f6ts ned n\u00e4r m\u00e4nniskor v\u00e4njer sig vid att makthavare angriper domstolar, pressar tj\u00e4nstem\u00e4n, misst\u00e4nkligg\u00f6r granskning, relativiserar sanning och bygger egna mediesystem d\u00e4r f\u00f6ljarna matas med budskap som bekr\u00e4ftar det de redan vill tro. D\u00e5 st\u00e5r man till slut med val kvar, men med allt svagare r\u00e4ttsstat, s\u00e4mre insyn och mindre gemensam verklighet. Och n\u00e4r den gemensamma verkligheten f\u00f6rsvinner, d\u00e5 f\u00f6rsvinner ocks\u00e5 en av demokratins viktigaste f\u00f6ruts\u00e4ttningar.<\/div>\n<div data-smartmail=\"gmail_signature\">in propria persona<span style=\"color: #888888\"><br \/>\nmikke lillman<\/span><\/div>\n","protected":false},"excerpt":{"rendered":"<p>&#8230;.. det h\u00e4r med marknadsskolan Skolans utdelning ska g\u00e5 till framtiden \u2013 inte till aktie\u00e4gare Sverige har skapat ett skolsystem som bygger p\u00e5 en djup m\u00e5lkonflikt. \u00c5 ena sidan s\u00e4ger [&hellip;]<\/p>\n","protected":false},"author":1339,"featured_media":0,"comment_status":"closed","ping_status":"closed","sticky":false,"template":"","format":"standard","meta":{"_acf_changed":false,"footnotes":""},"categories":[3],"tags":[],"class_list":["post-756","post","type-post","status-publish","format-standard","hentry","category-httpekero-vansterpartiet-se"],"acf":[],"yoast_head":"<!-- This site is optimized with the Yoast SEO plugin v27.4 - https:\/\/yoast.com\/product\/yoast-seo-wordpress\/ -->\n<title>Vi funderar p\u00e5....... - V\u00e4nsterpartiet Eker\u00f6<\/title>\n<meta name=\"robots\" content=\"index, follow, max-snippet:-1, max-image-preview:large, max-video-preview:-1\" \/>\n<link rel=\"canonical\" href=\"https:\/\/ekero.vansterpartiet.se\/?p=756\" \/>\n<meta property=\"og:locale\" content=\"sv_SE\" \/>\n<meta property=\"og:type\" content=\"article\" \/>\n<meta property=\"og:title\" content=\"Vi funderar p\u00e5....... - V\u00e4nsterpartiet Eker\u00f6\" \/>\n<meta property=\"og:description\" content=\"&#8230;.. det h\u00e4r med marknadsskolan Skolans utdelning ska g\u00e5 till framtiden \u2013 inte till aktie\u00e4gare Sverige har skapat ett skolsystem som bygger p\u00e5 en djup m\u00e5lkonflikt. \u00c5 ena sidan s\u00e4ger [&hellip;]\" \/>\n<meta property=\"og:url\" content=\"https:\/\/ekero.vansterpartiet.se\/?p=756\" \/>\n<meta property=\"og:site_name\" content=\"V\u00e4nsterpartiet Eker\u00f6\" \/>\n<meta property=\"article:published_time\" content=\"2026-04-23T17:24:24+00:00\" \/>\n<meta property=\"article:modified_time\" content=\"2026-04-26T09:32:32+00:00\" \/>\n<meta property=\"og:image\" content=\"https:\/\/ekero.vansterpartiet.se\/files\/2026\/04\/file_00000000a45c7243b05ecd04cee474e5-1024x768.png\" \/>\n\t<meta property=\"og:image:width\" content=\"1024\" \/>\n\t<meta property=\"og:image:height\" content=\"768\" \/>\n\t<meta property=\"og:image:type\" content=\"image\/png\" \/>\n<meta name=\"author\" content=\"ekero\" \/>\n<meta name=\"twitter:card\" content=\"summary_large_image\" \/>\n<meta name=\"twitter:label1\" content=\"Skriven av\" \/>\n\t<meta name=\"twitter:data1\" content=\"ekero\" \/>\n\t<meta name=\"twitter:label2\" content=\"Ber\u00e4knad l\u00e4stid\" \/>\n\t<meta name=\"twitter:data2\" content=\"10 minuter\" \/>\n<script type=\"application\/ld+json\" class=\"yoast-schema-graph\">{\"@context\":\"https:\\\/\\\/schema.org\",\"@graph\":[{\"@type\":\"Article\",\"@id\":\"https:\\\/\\\/ekero.vansterpartiet.se\\\/?p=756#article\",\"isPartOf\":{\"@id\":\"https:\\\/\\\/ekero.vansterpartiet.se\\\/?p=756\"},\"author\":{\"name\":\"ekero\",\"@id\":\"https:\\\/\\\/ekero.vansterpartiet.se\\\/#\\\/schema\\\/person\\\/bcbaad3fc59abee3b21800d63c5953f7\"},\"headline\":\"Vi funderar p\u00e5&#8230;&#8230;.\",\"datePublished\":\"2026-04-23T17:24:24+00:00\",\"dateModified\":\"2026-04-26T09:32:32+00:00\",\"mainEntityOfPage\":{\"@id\":\"https:\\\/\\\/ekero.vansterpartiet.se\\\/?p=756\"},\"wordCount\":2178,\"image\":{\"@id\":\"https:\\\/\\\/ekero.vansterpartiet.se\\\/?p=756#primaryimage\"},\"thumbnailUrl\":\"https:\\\/\\\/ekero.vansterpartiet.se\\\/files\\\/2026\\\/04\\\/file_00000000a45c7243b05ecd04cee474e5.png\",\"articleSection\":[\"V\u00e4nsterpartiet Eker\u00f6\"],\"inLanguage\":\"sv-SE\"},{\"@type\":\"WebPage\",\"@id\":\"https:\\\/\\\/ekero.vansterpartiet.se\\\/?p=756\",\"url\":\"https:\\\/\\\/ekero.vansterpartiet.se\\\/?p=756\",\"name\":\"Vi funderar p\u00e5....... - V\u00e4nsterpartiet Eker\u00f6\",\"isPartOf\":{\"@id\":\"https:\\\/\\\/ekero.vansterpartiet.se\\\/#website\"},\"primaryImageOfPage\":{\"@id\":\"https:\\\/\\\/ekero.vansterpartiet.se\\\/?p=756#primaryimage\"},\"image\":{\"@id\":\"https:\\\/\\\/ekero.vansterpartiet.se\\\/?p=756#primaryimage\"},\"thumbnailUrl\":\"https:\\\/\\\/ekero.vansterpartiet.se\\\/files\\\/2026\\\/04\\\/file_00000000a45c7243b05ecd04cee474e5.png\",\"datePublished\":\"2026-04-23T17:24:24+00:00\",\"dateModified\":\"2026-04-26T09:32:32+00:00\",\"author\":{\"@id\":\"https:\\\/\\\/ekero.vansterpartiet.se\\\/#\\\/schema\\\/person\\\/bcbaad3fc59abee3b21800d63c5953f7\"},\"breadcrumb\":{\"@id\":\"https:\\\/\\\/ekero.vansterpartiet.se\\\/?p=756#breadcrumb\"},\"inLanguage\":\"sv-SE\",\"potentialAction\":[{\"@type\":\"ReadAction\",\"target\":[\"https:\\\/\\\/ekero.vansterpartiet.se\\\/?p=756\"]}]},{\"@type\":\"ImageObject\",\"inLanguage\":\"sv-SE\",\"@id\":\"https:\\\/\\\/ekero.vansterpartiet.se\\\/?p=756#primaryimage\",\"url\":\"https:\\\/\\\/ekero.vansterpartiet.se\\\/files\\\/2026\\\/04\\\/file_00000000a45c7243b05ecd04cee474e5.png\",\"contentUrl\":\"https:\\\/\\\/ekero.vansterpartiet.se\\\/files\\\/2026\\\/04\\\/file_00000000a45c7243b05ecd04cee474e5.png\"},{\"@type\":\"BreadcrumbList\",\"@id\":\"https:\\\/\\\/ekero.vansterpartiet.se\\\/?p=756#breadcrumb\",\"itemListElement\":[{\"@type\":\"ListItem\",\"position\":1,\"name\":\"Hem\",\"item\":\"https:\\\/\\\/ekero.vansterpartiet.se\\\/\"},{\"@type\":\"ListItem\",\"position\":2,\"name\":\"Vi funderar p\u00e5&#8230;&#8230;.\"}]},{\"@type\":\"WebSite\",\"@id\":\"https:\\\/\\\/ekero.vansterpartiet.se\\\/#website\",\"url\":\"https:\\\/\\\/ekero.vansterpartiet.se\\\/\",\"name\":\"V\u00e4nsterpartiet Eker\u00f6\",\"description\":\"\",\"potentialAction\":[{\"@type\":\"SearchAction\",\"target\":{\"@type\":\"EntryPoint\",\"urlTemplate\":\"https:\\\/\\\/ekero.vansterpartiet.se\\\/?s={search_term_string}\"},\"query-input\":{\"@type\":\"PropertyValueSpecification\",\"valueRequired\":true,\"valueName\":\"search_term_string\"}}],\"inLanguage\":\"sv-SE\"},{\"@type\":\"Person\",\"@id\":\"https:\\\/\\\/ekero.vansterpartiet.se\\\/#\\\/schema\\\/person\\\/bcbaad3fc59abee3b21800d63c5953f7\",\"name\":\"ekero\",\"image\":{\"@type\":\"ImageObject\",\"inLanguage\":\"sv-SE\",\"@id\":\"https:\\\/\\\/secure.gravatar.com\\\/avatar\\\/6625cc3943903ef37bb67f09858203a6971069242832c44392a2fb3b2c8010cc?s=96&d=mm&r=g\",\"url\":\"https:\\\/\\\/secure.gravatar.com\\\/avatar\\\/6625cc3943903ef37bb67f09858203a6971069242832c44392a2fb3b2c8010cc?s=96&d=mm&r=g\",\"contentUrl\":\"https:\\\/\\\/secure.gravatar.com\\\/avatar\\\/6625cc3943903ef37bb67f09858203a6971069242832c44392a2fb3b2c8010cc?s=96&d=mm&r=g\",\"caption\":\"ekero\"},\"url\":\"https:\\\/\\\/ekero.vansterpartiet.se\\\/?author=1339\"}]}<\/script>\n<!-- \/ Yoast SEO plugin. -->","yoast_head_json":{"title":"Vi funderar p\u00e5....... - V\u00e4nsterpartiet Eker\u00f6","robots":{"index":"index","follow":"follow","max-snippet":"max-snippet:-1","max-image-preview":"max-image-preview:large","max-video-preview":"max-video-preview:-1"},"canonical":"https:\/\/ekero.vansterpartiet.se\/?p=756","og_locale":"sv_SE","og_type":"article","og_title":"Vi funderar p\u00e5....... - V\u00e4nsterpartiet Eker\u00f6","og_description":"&#8230;.. det h\u00e4r med marknadsskolan Skolans utdelning ska g\u00e5 till framtiden \u2013 inte till aktie\u00e4gare Sverige har skapat ett skolsystem som bygger p\u00e5 en djup m\u00e5lkonflikt. \u00c5 ena sidan s\u00e4ger [&hellip;]","og_url":"https:\/\/ekero.vansterpartiet.se\/?p=756","og_site_name":"V\u00e4nsterpartiet Eker\u00f6","article_published_time":"2026-04-23T17:24:24+00:00","article_modified_time":"2026-04-26T09:32:32+00:00","og_image":[{"width":1024,"height":768,"url":"https:\/\/ekero.vansterpartiet.se\/files\/2026\/04\/file_00000000a45c7243b05ecd04cee474e5-1024x768.png","type":"image\/png"}],"author":"ekero","twitter_card":"summary_large_image","twitter_misc":{"Skriven av":"ekero","Ber\u00e4knad l\u00e4stid":"10 minuter"},"schema":{"@context":"https:\/\/schema.org","@graph":[{"@type":"Article","@id":"https:\/\/ekero.vansterpartiet.se\/?p=756#article","isPartOf":{"@id":"https:\/\/ekero.vansterpartiet.se\/?p=756"},"author":{"name":"ekero","@id":"https:\/\/ekero.vansterpartiet.se\/#\/schema\/person\/bcbaad3fc59abee3b21800d63c5953f7"},"headline":"Vi funderar p\u00e5&#8230;&#8230;.","datePublished":"2026-04-23T17:24:24+00:00","dateModified":"2026-04-26T09:32:32+00:00","mainEntityOfPage":{"@id":"https:\/\/ekero.vansterpartiet.se\/?p=756"},"wordCount":2178,"image":{"@id":"https:\/\/ekero.vansterpartiet.se\/?p=756#primaryimage"},"thumbnailUrl":"https:\/\/ekero.vansterpartiet.se\/files\/2026\/04\/file_00000000a45c7243b05ecd04cee474e5.png","articleSection":["V\u00e4nsterpartiet Eker\u00f6"],"inLanguage":"sv-SE"},{"@type":"WebPage","@id":"https:\/\/ekero.vansterpartiet.se\/?p=756","url":"https:\/\/ekero.vansterpartiet.se\/?p=756","name":"Vi funderar p\u00e5....... - V\u00e4nsterpartiet Eker\u00f6","isPartOf":{"@id":"https:\/\/ekero.vansterpartiet.se\/#website"},"primaryImageOfPage":{"@id":"https:\/\/ekero.vansterpartiet.se\/?p=756#primaryimage"},"image":{"@id":"https:\/\/ekero.vansterpartiet.se\/?p=756#primaryimage"},"thumbnailUrl":"https:\/\/ekero.vansterpartiet.se\/files\/2026\/04\/file_00000000a45c7243b05ecd04cee474e5.png","datePublished":"2026-04-23T17:24:24+00:00","dateModified":"2026-04-26T09:32:32+00:00","author":{"@id":"https:\/\/ekero.vansterpartiet.se\/#\/schema\/person\/bcbaad3fc59abee3b21800d63c5953f7"},"breadcrumb":{"@id":"https:\/\/ekero.vansterpartiet.se\/?p=756#breadcrumb"},"inLanguage":"sv-SE","potentialAction":[{"@type":"ReadAction","target":["https:\/\/ekero.vansterpartiet.se\/?p=756"]}]},{"@type":"ImageObject","inLanguage":"sv-SE","@id":"https:\/\/ekero.vansterpartiet.se\/?p=756#primaryimage","url":"https:\/\/ekero.vansterpartiet.se\/files\/2026\/04\/file_00000000a45c7243b05ecd04cee474e5.png","contentUrl":"https:\/\/ekero.vansterpartiet.se\/files\/2026\/04\/file_00000000a45c7243b05ecd04cee474e5.png"},{"@type":"BreadcrumbList","@id":"https:\/\/ekero.vansterpartiet.se\/?p=756#breadcrumb","itemListElement":[{"@type":"ListItem","position":1,"name":"Hem","item":"https:\/\/ekero.vansterpartiet.se\/"},{"@type":"ListItem","position":2,"name":"Vi funderar p\u00e5&#8230;&#8230;."}]},{"@type":"WebSite","@id":"https:\/\/ekero.vansterpartiet.se\/#website","url":"https:\/\/ekero.vansterpartiet.se\/","name":"V\u00e4nsterpartiet Eker\u00f6","description":"","potentialAction":[{"@type":"SearchAction","target":{"@type":"EntryPoint","urlTemplate":"https:\/\/ekero.vansterpartiet.se\/?s={search_term_string}"},"query-input":{"@type":"PropertyValueSpecification","valueRequired":true,"valueName":"search_term_string"}}],"inLanguage":"sv-SE"},{"@type":"Person","@id":"https:\/\/ekero.vansterpartiet.se\/#\/schema\/person\/bcbaad3fc59abee3b21800d63c5953f7","name":"ekero","image":{"@type":"ImageObject","inLanguage":"sv-SE","@id":"https:\/\/secure.gravatar.com\/avatar\/6625cc3943903ef37bb67f09858203a6971069242832c44392a2fb3b2c8010cc?s=96&d=mm&r=g","url":"https:\/\/secure.gravatar.com\/avatar\/6625cc3943903ef37bb67f09858203a6971069242832c44392a2fb3b2c8010cc?s=96&d=mm&r=g","contentUrl":"https:\/\/secure.gravatar.com\/avatar\/6625cc3943903ef37bb67f09858203a6971069242832c44392a2fb3b2c8010cc?s=96&d=mm&r=g","caption":"ekero"},"url":"https:\/\/ekero.vansterpartiet.se\/?author=1339"}]}},"_links":{"self":[{"href":"https:\/\/ekero.vansterpartiet.se\/index.php?rest_route=\/wp\/v2\/posts\/756","targetHints":{"allow":["GET"]}}],"collection":[{"href":"https:\/\/ekero.vansterpartiet.se\/index.php?rest_route=\/wp\/v2\/posts"}],"about":[{"href":"https:\/\/ekero.vansterpartiet.se\/index.php?rest_route=\/wp\/v2\/types\/post"}],"author":[{"embeddable":true,"href":"https:\/\/ekero.vansterpartiet.se\/index.php?rest_route=\/wp\/v2\/users\/1339"}],"replies":[{"embeddable":true,"href":"https:\/\/ekero.vansterpartiet.se\/index.php?rest_route=%2Fwp%2Fv2%2Fcomments&post=756"}],"version-history":[{"count":7,"href":"https:\/\/ekero.vansterpartiet.se\/index.php?rest_route=\/wp\/v2\/posts\/756\/revisions"}],"predecessor-version":[{"id":770,"href":"https:\/\/ekero.vansterpartiet.se\/index.php?rest_route=\/wp\/v2\/posts\/756\/revisions\/770"}],"wp:attachment":[{"href":"https:\/\/ekero.vansterpartiet.se\/index.php?rest_route=%2Fwp%2Fv2%2Fmedia&parent=756"}],"wp:term":[{"taxonomy":"category","embeddable":true,"href":"https:\/\/ekero.vansterpartiet.se\/index.php?rest_route=%2Fwp%2Fv2%2Fcategories&post=756"},{"taxonomy":"post_tag","embeddable":true,"href":"https:\/\/ekero.vansterpartiet.se\/index.php?rest_route=%2Fwp%2Fv2%2Ftags&post=756"}],"curies":[{"name":"wp","href":"https:\/\/api.w.org\/{rel}","templated":true}]}}